{"id":4323,"date":"2025-08-11T10:33:49","date_gmt":"2025-08-11T09:33:49","guid":{"rendered":"https:\/\/www.sv-b.de\/?p=4323"},"modified":"2025-08-11T10:33:49","modified_gmt":"2025-08-11T09:33:49","slug":"einladung-altherren-saisonabschluss","status":"publish","type":"post","link":"https:\/\/www.sv-b.de\/?p=4323","title":{"rendered":"Einladung Altherren Saisonabschluss"},"content":{"rendered":"\n<p>Liebe Alte Herren und Partnerinnen,<\/p>\n\n\n\n<p>wir laden Euch herzlich zu unserem diesj\u00e4hrigen Saisonabschluss ein! Lasst uns gemeinsam auf eine erfolgreiche Saison zur\u00fcckblicken und einen Abend in geselliger Runde verbringen. <\/p>\n\n\n\n<p><strong>Wann: Samstag, 29. November 2025<br>Wo: Vereinsheim auf der Anton-Riepe-Sportst\u00e4tte<br>Beginn: 18:30 Uhr<\/strong><br><\/p>\n\n\n\n<p>F\u00fcr das leibliche Wohl ist gesorgt, und wir freuen uns auf einen unterhaltsamen Abend mit vielen sch\u00f6nen Erinnerungen und Ausblicken auf das kommende Jahr. Bitte gebt bis zum 02. November Bescheid, ob ihr, allein oder zu zweit, teilnehmen k\u00f6nnt, damit wir entsprechend planen k\u00f6nnen. Wir w\u00fcrden uns \u00fcber zahlreiche Anmeldungen freuen!<br><\/p>\n\n\n\n<p><strong>Terminvormerkung: <\/strong><br>Jahreshauptversammlung bitte vormerken f\u00fcr Freitag, den 02.01.2026, 19:00 Uhr.<\/p>\n\n\n\n<p>Stefan Daams<br>-Altherren-Sprecher-<br>Loo`sche Heide 38a \uf09f Bedburg-Hau<br>0174 \/ 3902 715<br>altherren@sv-b.de<br>stefan.daams@sv-b.de<\/p>\n","protected":false},"excerpt":{"rendered":"<p>Liebe Alte Herren und Partnerinnen, wir laden Euch herzlich zu unserem diesj\u00e4hrigen Saisonabschluss ein! Lasst [&hellip;]<\/p>\n","protected":false},"author":11,"featured_media":0,"comment_status":"closed","ping_status":"closed","sticky":false,"template":"","format":"standard","meta":{"footnotes":""},"categories":[1,14],"tags":[],"class_list":["post-4323","post","type-post","status-publish","format-standard","hentry","category-allgemein","category-fussball"],"_links":{"self":[{"href":"https:\/\/www.sv-b.de\/index.php?rest_route=\/wp\/v2\/posts\/4323","targetHints":{"allow":["GET"]}}],"collection":[{"href":"https:\/\/www.sv-b.de\/index.php?rest_route=\/wp\/v2\/posts"}],"about":[{"href":"https:\/\/www.sv-b.de\/index.php?rest_route=\/wp\/v2\/types\/post"}],"author":[{"embeddable":true,"href":"https:\/\/www.sv-b.de\/index.php?rest_route=\/wp\/v2\/users\/11"}],"replies":[{"embeddable":true,"href":"https:\/\/www.sv-b.de\/index.php?rest_route=%2Fwp%2Fv2%2Fcomments&post=4323"}],"version-history":[{"count":2,"href":"https:\/\/www.sv-b.de\/index.php?rest_route=\/wp\/v2\/posts\/4323\/revisions"}],"predecessor-version":[{"id":4325,"href":"https:\/\/www.sv-b.de\/index.php?rest_route=\/wp\/v2\/posts\/4323\/revisions\/4325"}],"wp:attachment":[{"href":"https:\/\/www.sv-b.de\/index.php?rest_route=%2Fwp%2Fv2%2Fmedia&parent=4323"}],"wp:term":[{"taxonomy":"category","embeddable":true,"href":"https:\/\/www.sv-b.de\/index.php?rest_route=%2Fwp%2Fv2%2Fcategories&post=4323"},{"taxonomy":"post_tag","embeddable":true,"href":"https:\/\/www.sv-b.de\/index.php?rest_route=%2Fwp%2Fv2%2Ftags&post=4323"}],"curies":[{"name":"wp","href":"https:\/\/api.w.org\/{rel}","templated":true}]}}