{"id":4308,"date":"2025-06-05T18:12:20","date_gmt":"2025-06-05T17:12:20","guid":{"rendered":"https:\/\/www.sv-b.de\/?p=4308"},"modified":"2025-06-05T18:13:55","modified_gmt":"2025-06-05T17:13:55","slug":"jahreshauptversammlung-2025","status":"publish","type":"post","link":"https:\/\/www.sv-b.de\/?p=4308","title":{"rendered":"Jahreshauptversammlung 2025"},"content":{"rendered":"\n<p class=\"has-text-align-center\">Die Sportvereinigung 1923\/27 e.V. Bedburg-Hau l\u00e4dt zur diesj\u00e4hrigen<\/p>\n\n\n\n<p class=\"has-text-align-center has-medium-font-size\"><strong>Jahreshauptversammlung<\/strong><\/p>\n\n\n\n<p class=\"has-text-align-center\"><strong>am Dienstag, den 24. Juni 2025 um 19:30 Uhr<\/strong><\/p>\n\n\n\n<p class=\"has-text-align-center\">ins Vereinsheim auf der Anton-Riepe-Sportst\u00e4tte recht herzlich ein.<\/p>\n\n\n\n<p class=\"has-text-align-left\"><strong>Tagesordnung:<\/strong><\/p>\n\n\n\n<ul class=\"wp-block-list\">\n<li>Er\u00f6ffnung und Begr\u00fc\u00dfung<\/li>\n\n\n\n<li>Gedenken an die verstorbenen Vereinsmitglieder<\/li>\n\n\n\n<li>Berichte des Hauptgesch\u00e4ftsf\u00fchrers, der Abteilungen und des Hauptkassierers<\/li>\n\n\n\n<li>Entlastung des Hauptkassierers und des Vorstands<\/li>\n\n\n\n<li>Kinderschutzkonzept<\/li>\n\n\n\n<li>Jubilars-Ehrungen und Ernennungen der neuen Ehrenmitglieder<\/li>\n\n\n\n<li>Verschiedenes<\/li>\n<\/ul>\n\n\n\n<p class=\"has-text-align-left\">Der Vorstand bittet um zahlreiches Erscheinen der Mitglieder<\/p>\n\n\n\n<p class=\"has-text-align-center\">Sportvereinigung 1923\/27 e.V. Bedburg-Hau<\/p>\n\n\n\n<p class=\"has-text-align-center\">Der Vorstand<\/p>\n","protected":false},"excerpt":{"rendered":"<p>Die Sportvereinigung 1923\/27 e.V. Bedburg-Hau l\u00e4dt zur diesj\u00e4hrigen Jahreshauptversammlung am Dienstag, den 24. Juni 2025 [&hellip;]<\/p>\n","protected":false},"author":11,"featured_media":0,"comment_status":"closed","ping_status":"closed","sticky":false,"template":"","format":"standard","meta":{"footnotes":""},"categories":[1,14,31,30,33,16,34,17,15,32],"tags":[],"class_list":["post-4308","post","type-post","status-publish","format-standard","hentry","category-allgemein","category-fussball","category-fussballjugend","category-jugend","category-kinderturnen","category-tischtennis","category-tischtennisjugend","category-turnen","category-volleyball","category-volleyballjugend"],"_links":{"self":[{"href":"https:\/\/www.sv-b.de\/index.php?rest_route=\/wp\/v2\/posts\/4308","targetHints":{"allow":["GET"]}}],"collection":[{"href":"https:\/\/www.sv-b.de\/index.php?rest_route=\/wp\/v2\/posts"}],"about":[{"href":"https:\/\/www.sv-b.de\/index.php?rest_route=\/wp\/v2\/types\/post"}],"author":[{"embeddable":true,"href":"https:\/\/www.sv-b.de\/index.php?rest_route=\/wp\/v2\/users\/11"}],"replies":[{"embeddable":true,"href":"https:\/\/www.sv-b.de\/index.php?rest_route=%2Fwp%2Fv2%2Fcomments&post=4308"}],"version-history":[{"count":3,"href":"https:\/\/www.sv-b.de\/index.php?rest_route=\/wp\/v2\/posts\/4308\/revisions"}],"predecessor-version":[{"id":4311,"href":"https:\/\/www.sv-b.de\/index.php?rest_route=\/wp\/v2\/posts\/4308\/revisions\/4311"}],"wp:attachment":[{"href":"https:\/\/www.sv-b.de\/index.php?rest_route=%2Fwp%2Fv2%2Fmedia&parent=4308"}],"wp:term":[{"taxonomy":"category","embeddable":true,"href":"https:\/\/www.sv-b.de\/index.php?rest_route=%2Fwp%2Fv2%2Fcategories&post=4308"},{"taxonomy":"post_tag","embeddable":true,"href":"https:\/\/www.sv-b.de\/index.php?rest_route=%2Fwp%2Fv2%2Ftags&post=4308"}],"curies":[{"name":"wp","href":"https:\/\/api.w.org\/{rel}","templated":true}]}}