{"id":4269,"date":"2025-05-07T08:23:30","date_gmt":"2025-05-07T07:23:30","guid":{"rendered":"https:\/\/www.sv-b.de\/?p=4269"},"modified":"2025-05-07T08:25:23","modified_gmt":"2025-05-07T07:25:23","slug":"neu-bei-der-sv-bedburg-hau-kindertanz","status":"publish","type":"post","link":"https:\/\/www.sv-b.de\/?p=4269","title":{"rendered":"Neu bei der SV Bedburg-Hau &#8211; Kindertanzen"},"content":{"rendered":"\n<p>Ab dem 3. Juni 2025 kann mit viel Musik und Spa\u00df in der Dietmar-M\u00fcller-Sporthalle getanzt werden!<\/p>\n\n\n\n<p>Unsere 3 Trainerinnen Kim, Katharina und Schamena begr\u00fc\u00dfen dann jeweils Dienstags von 15:30 bis 16:30 unsere neu gegr\u00fcndete Kindertanzgruppe f\u00fcr Kinder ab 3 bis 6 Jahren!<\/p>\n\n\n\n<figure class=\"wp-block-image size-large is-resized\"><img loading=\"lazy\" decoding=\"async\" width=\"602\" height=\"1024\" src=\"https:\/\/www.sv-b.de\/wp-content\/uploads\/2025\/05\/Kindertanzen-602x1024.jpg\" alt=\"\" class=\"wp-image-4270\" style=\"width:840px;height:auto\" srcset=\"https:\/\/www.sv-b.de\/wp-content\/uploads\/2025\/05\/Kindertanzen-602x1024.jpg 602w, https:\/\/www.sv-b.de\/wp-content\/uploads\/2025\/05\/Kindertanzen-176x300.jpg 176w, https:\/\/www.sv-b.de\/wp-content\/uploads\/2025\/05\/Kindertanzen-768x1306.jpg 768w, https:\/\/www.sv-b.de\/wp-content\/uploads\/2025\/05\/Kindertanzen-903x1536.jpg 903w, https:\/\/www.sv-b.de\/wp-content\/uploads\/2025\/05\/Kindertanzen-75x128.jpg 75w, https:\/\/www.sv-b.de\/wp-content\/uploads\/2025\/05\/Kindertanzen-19x32.jpg 19w, https:\/\/www.sv-b.de\/wp-content\/uploads\/2025\/05\/Kindertanzen.jpg 941w\" sizes=\"auto, (max-width: 602px) 100vw, 602px\" \/><\/figure>\n\n\n\n<p>Bei Interesse und f\u00fcr weitere Informationen k\u00f6nnte Ihr Euch an die E-Mail Adresse <a href=\"mailto:Kindertanzen@sv-b.de\">Kindertanzen@sv-b.de<\/a> wenden.<\/p>\n\n\n\n<p><\/p>\n","protected":false},"excerpt":{"rendered":"<p>Ab dem 3. Juni 2025 kann mit viel Musik und Spa\u00df in der Dietmar-M\u00fcller-Sporthalle getanzt [&hellip;]<\/p>\n","protected":false},"author":11,"featured_media":3773,"comment_status":"closed","ping_status":"open","sticky":false,"template":"","format":"standard","meta":{"footnotes":""},"categories":[1,30],"tags":[],"class_list":["post-4269","post","type-post","status-publish","format-standard","has-post-thumbnail","hentry","category-allgemein","category-jugend"],"_links":{"self":[{"href":"https:\/\/www.sv-b.de\/index.php?rest_route=\/wp\/v2\/posts\/4269","targetHints":{"allow":["GET"]}}],"collection":[{"href":"https:\/\/www.sv-b.de\/index.php?rest_route=\/wp\/v2\/posts"}],"about":[{"href":"https:\/\/www.sv-b.de\/index.php?rest_route=\/wp\/v2\/types\/post"}],"author":[{"embeddable":true,"href":"https:\/\/www.sv-b.de\/index.php?rest_route=\/wp\/v2\/users\/11"}],"replies":[{"embeddable":true,"href":"https:\/\/www.sv-b.de\/index.php?rest_route=%2Fwp%2Fv2%2Fcomments&post=4269"}],"version-history":[{"count":4,"href":"https:\/\/www.sv-b.de\/index.php?rest_route=\/wp\/v2\/posts\/4269\/revisions"}],"predecessor-version":[{"id":4274,"href":"https:\/\/www.sv-b.de\/index.php?rest_route=\/wp\/v2\/posts\/4269\/revisions\/4274"}],"wp:featuredmedia":[{"embeddable":true,"href":"https:\/\/www.sv-b.de\/index.php?rest_route=\/wp\/v2\/media\/3773"}],"wp:attachment":[{"href":"https:\/\/www.sv-b.de\/index.php?rest_route=%2Fwp%2Fv2%2Fmedia&parent=4269"}],"wp:term":[{"taxonomy":"category","embeddable":true,"href":"https:\/\/www.sv-b.de\/index.php?rest_route=%2Fwp%2Fv2%2Fcategories&post=4269"},{"taxonomy":"post_tag","embeddable":true,"href":"https:\/\/www.sv-b.de\/index.php?rest_route=%2Fwp%2Fv2%2Ftags&post=4269"}],"curies":[{"name":"wp","href":"https:\/\/api.w.org\/{rel}","templated":true}]}}