{"id":3504,"date":"2024-09-17T14:28:35","date_gmt":"2024-09-17T13:28:35","guid":{"rendered":"https:\/\/www.sv-b.de\/?p=3504"},"modified":"2024-09-17T14:28:35","modified_gmt":"2024-09-17T13:28:35","slug":"hotmelt81-festival","status":"publish","type":"post","link":"https:\/\/www.sv-b.de\/?p=3504","title":{"rendered":"HOTMELT81 Festival"},"content":{"rendered":"\n<p>Abseits der \u00fcblichen Nachrichten und Informationen rund um die SV Bedburg-Hau, m\u00f6chten wir heute auf ein bevorstehendes Musikfestival, knapp hinter der Ortsgrenze von Bedburg-Hau, hinweisen.<\/p>\n\n\n\n<p>Wir freuen uns, das HOTMELT81 Festival, unterst\u00fctzt von\u00a0R\u00fcbo-Gas Handelsgesellschaft mbH, pr\u00e4sentieren zu k\u00f6nnen:<\/p>\n\n\n\n<figure class=\"wp-block-image size-large\"><img loading=\"lazy\" decoding=\"async\" width=\"725\" height=\"1024\" src=\"https:\/\/www.sv-b.de\/wp-content\/uploads\/2024\/09\/HOTMELT81MusicOpenAir2024-725x1024.jpg\" alt=\"\" class=\"wp-image-3505\" srcset=\"https:\/\/www.sv-b.de\/wp-content\/uploads\/2024\/09\/HOTMELT81MusicOpenAir2024-725x1024.jpg 725w, https:\/\/www.sv-b.de\/wp-content\/uploads\/2024\/09\/HOTMELT81MusicOpenAir2024-213x300.jpg 213w, https:\/\/www.sv-b.de\/wp-content\/uploads\/2024\/09\/HOTMELT81MusicOpenAir2024-768x1084.jpg 768w, https:\/\/www.sv-b.de\/wp-content\/uploads\/2024\/09\/HOTMELT81MusicOpenAir2024.jpg 928w\" sizes=\"auto, (max-width: 725px) 100vw, 725px\" \/><\/figure>\n\n\n\n<p>Weitere Informationen und Tickets findet ihr unter <a href=\"https:\/\/eventfrog.de\/de\/p\/festivals\/pop-rock\/hotmelt81-music-open-air-7213596527389792590.html\" target=\"_blank\" rel=\"noreferrer noopener\">HOTMELT81 Music Open Air in Kleve | Pop- &amp; Rock-Festivals (eventfrog.de)<\/a>.<\/p>\n\n\n\n<p>Einen Artikel zum Festival und den Hintergrund findet Ihr auf RP Online (RP+ Paywall) <a href=\"https:\/\/rp-online.de\/nrw\/staedte\/kleve\/kleve-am-21-september-feiert-das-musikfestival-hotmelt-81-premiere_aid-117354227\" target=\"_blank\" rel=\"noreferrer noopener\">Kleve bekommt ein neues Festival \u2013 so wird das \u201eHotmelt 81\u201c (rp-online.de)<\/a><\/p>\n","protected":false},"excerpt":{"rendered":"<p>Abseits der \u00fcblichen Nachrichten und Informationen rund um die SV Bedburg-Hau, m\u00f6chten wir heute auf [&hellip;]<\/p>\n","protected":false},"author":11,"featured_media":3507,"comment_status":"closed","ping_status":"closed","sticky":false,"template":"","format":"standard","meta":{"footnotes":""},"categories":[1],"tags":[],"class_list":["post-3504","post","type-post","status-publish","format-standard","has-post-thumbnail","hentry","category-allgemein"],"_links":{"self":[{"href":"https:\/\/www.sv-b.de\/index.php?rest_route=\/wp\/v2\/posts\/3504","targetHints":{"allow":["GET"]}}],"collection":[{"href":"https:\/\/www.sv-b.de\/index.php?rest_route=\/wp\/v2\/posts"}],"about":[{"href":"https:\/\/www.sv-b.de\/index.php?rest_route=\/wp\/v2\/types\/post"}],"author":[{"embeddable":true,"href":"https:\/\/www.sv-b.de\/index.php?rest_route=\/wp\/v2\/users\/11"}],"replies":[{"embeddable":true,"href":"https:\/\/www.sv-b.de\/index.php?rest_route=%2Fwp%2Fv2%2Fcomments&post=3504"}],"version-history":[{"count":1,"href":"https:\/\/www.sv-b.de\/index.php?rest_route=\/wp\/v2\/posts\/3504\/revisions"}],"predecessor-version":[{"id":3508,"href":"https:\/\/www.sv-b.de\/index.php?rest_route=\/wp\/v2\/posts\/3504\/revisions\/3508"}],"wp:featuredmedia":[{"embeddable":true,"href":"https:\/\/www.sv-b.de\/index.php?rest_route=\/wp\/v2\/media\/3507"}],"wp:attachment":[{"href":"https:\/\/www.sv-b.de\/index.php?rest_route=%2Fwp%2Fv2%2Fmedia&parent=3504"}],"wp:term":[{"taxonomy":"category","embeddable":true,"href":"https:\/\/www.sv-b.de\/index.php?rest_route=%2Fwp%2Fv2%2Fcategories&post=3504"},{"taxonomy":"post_tag","embeddable":true,"href":"https:\/\/www.sv-b.de\/index.php?rest_route=%2Fwp%2Fv2%2Ftags&post=3504"}],"curies":[{"name":"wp","href":"https:\/\/api.w.org\/{rel}","templated":true}]}}