{"id":3493,"date":"2024-08-27T10:13:47","date_gmt":"2024-08-27T09:13:47","guid":{"rendered":"https:\/\/www.sv-b.de\/?p=3493"},"modified":"2024-08-27T10:13:47","modified_gmt":"2024-08-27T09:13:47","slug":"neues-klettergeruest","status":"publish","type":"post","link":"https:\/\/www.sv-b.de\/?p=3493","title":{"rendered":"Neues Kletterger\u00fcst"},"content":{"rendered":"\n<p>In der vergangenen Woche konnten wir endlich unser langersehntes Kletterger\u00fcst f\u00fcr unsere kleinsten Sportler im Verein aufbauen.<\/p>\n\n\n\n<p>Am Bambini- und Beachvolleyballplatz wird es also zuk\u00fcnftig Kletterm\u00f6glichkeiten f\u00fcr kleinere Kinder geben. Im Rahmen unseres Projekts &#8222;Geschwisterkinder&#8220;, gef\u00f6rdert durch die Sparkasse Rhein-Maas, haben so u. a. kleinere Geschwisterkinder die M\u00f6glichkeit, sich etwas auszutoben, w\u00e4hrend ihre Geschwister beim Fu\u00dfball oder Beachvolleyball ihrem Sport nachgehen. F\u00fcr die Eltern stehen Sitzgelegenheiten in der N\u00e4he bereit.<\/p>\n\n\n\n<p>Unser Dank geht hierbei an die Gemeinde Bedburg-Hau f\u00fcr die tolle Zusammenarbeit bei der Realisierung dieses Projekts und an Tiefbau Schoofs f\u00fcr die umfangreiche Unterst\u00fctzung beim Aufbau. <\/p>\n\n\n\n<p>Die Gemeinde wird das Spielger\u00e4t in K\u00fcrze noch pr\u00fcfen und abnehmen lassen, dann verschwinden auch die roten Flatterb\u00e4nder und das neue Kletterger\u00fcst kann genutzt werden.<\/p>\n\n\n\n<figure class=\"wp-block-image size-large\"><img loading=\"lazy\" decoding=\"async\" width=\"853\" height=\"1024\" src=\"https:\/\/www.sv-b.de\/wp-content\/uploads\/2024\/08\/20240825_104730-853x1024.jpg\" alt=\"\" class=\"wp-image-3494\" srcset=\"https:\/\/www.sv-b.de\/wp-content\/uploads\/2024\/08\/20240825_104730-853x1024.jpg 853w, https:\/\/www.sv-b.de\/wp-content\/uploads\/2024\/08\/20240825_104730-250x300.jpg 250w, https:\/\/www.sv-b.de\/wp-content\/uploads\/2024\/08\/20240825_104730-768x922.jpg 768w, https:\/\/www.sv-b.de\/wp-content\/uploads\/2024\/08\/20240825_104730-1280x1536.jpg 1280w, https:\/\/www.sv-b.de\/wp-content\/uploads\/2024\/08\/20240825_104730-1707x2048.jpg 1707w\" sizes=\"auto, (max-width: 853px) 100vw, 853px\" \/><\/figure>\n","protected":false},"excerpt":{"rendered":"<p>In der vergangenen Woche konnten wir endlich unser langersehntes Kletterger\u00fcst f\u00fcr unsere kleinsten Sportler im [&hellip;]<\/p>\n","protected":false},"author":11,"featured_media":3201,"comment_status":"closed","ping_status":"open","sticky":false,"template":"","format":"standard","meta":{"footnotes":""},"categories":[1,30],"tags":[],"class_list":["post-3493","post","type-post","status-publish","format-standard","has-post-thumbnail","hentry","category-allgemein","category-jugend"],"_links":{"self":[{"href":"https:\/\/www.sv-b.de\/index.php?rest_route=\/wp\/v2\/posts\/3493","targetHints":{"allow":["GET"]}}],"collection":[{"href":"https:\/\/www.sv-b.de\/index.php?rest_route=\/wp\/v2\/posts"}],"about":[{"href":"https:\/\/www.sv-b.de\/index.php?rest_route=\/wp\/v2\/types\/post"}],"author":[{"embeddable":true,"href":"https:\/\/www.sv-b.de\/index.php?rest_route=\/wp\/v2\/users\/11"}],"replies":[{"embeddable":true,"href":"https:\/\/www.sv-b.de\/index.php?rest_route=%2Fwp%2Fv2%2Fcomments&post=3493"}],"version-history":[{"count":1,"href":"https:\/\/www.sv-b.de\/index.php?rest_route=\/wp\/v2\/posts\/3493\/revisions"}],"predecessor-version":[{"id":3495,"href":"https:\/\/www.sv-b.de\/index.php?rest_route=\/wp\/v2\/posts\/3493\/revisions\/3495"}],"wp:featuredmedia":[{"embeddable":true,"href":"https:\/\/www.sv-b.de\/index.php?rest_route=\/wp\/v2\/media\/3201"}],"wp:attachment":[{"href":"https:\/\/www.sv-b.de\/index.php?rest_route=%2Fwp%2Fv2%2Fmedia&parent=3493"}],"wp:term":[{"taxonomy":"category","embeddable":true,"href":"https:\/\/www.sv-b.de\/index.php?rest_route=%2Fwp%2Fv2%2Fcategories&post=3493"},{"taxonomy":"post_tag","embeddable":true,"href":"https:\/\/www.sv-b.de\/index.php?rest_route=%2Fwp%2Fv2%2Ftags&post=3493"}],"curies":[{"name":"wp","href":"https:\/\/api.w.org\/{rel}","templated":true}]}}