{"id":3478,"date":"2024-06-29T06:00:00","date_gmt":"2024-06-29T05:00:00","guid":{"rendered":"https:\/\/www.sv-b.de\/?p=3478"},"modified":"2024-10-07T11:36:36","modified_gmt":"2024-10-07T10:36:36","slug":"volleyball-goldenes-jubilaeum","status":"publish","type":"post","link":"https:\/\/www.sv-b.de\/?p=3478","title":{"rendered":"Volleyball: Goldenes Jubil\u00e4um"},"content":{"rendered":"\n<p><em>von Michael Jan\u00dfen<\/em><\/p>\n\n\n\n<p>Am heutigen <strong>29. Juni 2024<\/strong> j\u00e4hrt sich zum <strong>50. Mal<\/strong> die Anmeldebest\u00e4tigung unserer SV Bedburg-Hau zum <strong>Westdeutschen Volleyball-Verband e. V.<\/strong> <\/p>\n\n\n\n<p>Es war die Zeit um die <strong>Olympischen Sommerspiele in M\u00fcnchen 1972<\/strong>, als der <strong>Volleyballsport<\/strong> einem breiten deutschen (Fernseh-) Publikum in Deutschland und eben auch bei uns am Niederrhein bekannter wurde. Schon zu <strong>Beginn der 1970er<\/strong> Jahre tummelten sich in der <strong>Turnabteilung<\/strong> des <strong>TuS Bedburg<\/strong> (vorher TV Bedburg, neben dem VfR Hau ein Vorl\u00e4ufer der 1972 per Fusion entstandenen SV Bedburg-Hau) unter der Leitung des damaligen <strong>Turnwartes <em>Heinz M\u00fcller<\/em><\/strong> (\u2020 2018) einige Pionierinnen und Pioniere des faszinierenden Sports mit dem damals noch wei\u00dfen Flugball. <\/p>\n\n\n\n<p>Folgerichtig war daher, dass unsere SV Bedburg-Hau am <strong>29. Juni 1974<\/strong> Mitglied im Westdeutschen Volleyball-Verband e. V. wurde. Zur <strong>Saison 1974\/1975<\/strong> nahmen erstmals ein Herrenteam (<strong>Kreisliga<\/strong>) und eine weibliche A-Jugend (<strong>Jugend-Kreisliga<\/strong>) am Spielbetrieb im Volleyballkreis Kleve bzw. im Spielbezirk Ruhr teil. <\/p>\n\n\n<div class=\"wp-block-image\">\n<figure class=\"aligncenter size-full is-resized\"><img loading=\"lazy\" decoding=\"async\" width=\"112\" height=\"113\" src=\"https:\/\/www.sv-b.de\/wp-content\/uploads\/2024\/06\/wvv-logo.jpg\" alt=\"\" class=\"wp-image-3479\" style=\"width:173px;height:auto\" \/><\/figure>\n<\/div>\n\n\n<p>Zu unserem Vereinsjubil\u00e4um 2023 ist eine Chronik &#8222;<strong>Rund 50 Jahre Volleyball im Jahr des 100. Geburtstags der Sportvereinigung 1923\/27 e. V. Bedburg-Hau<\/strong>&#8220; erschienen, die aus Anlass des eigenen <strong>50. Geburtstags<\/strong> aktuell fortgeschrieben wurde und <a href=\"https:\/\/www.sv-b.de\/wp-content\/uploads\/2024\/06\/2024_06_28_VN_Chronik_100_Volleyballabteilung_50_Update.pdf\">hier<\/a> nachgelesen werden kann.<\/p>\n","protected":false},"excerpt":{"rendered":"<p>von Michael Jan\u00dfen Am heutigen 29. Juni 2024 j\u00e4hrt sich zum 50. Mal die Anmeldebest\u00e4tigung [&hellip;]<\/p>\n","protected":false},"author":4,"featured_media":3742,"comment_status":"closed","ping_status":"open","sticky":false,"template":"","format":"standard","meta":{"footnotes":""},"categories":[1,30,15,32],"tags":[],"class_list":["post-3478","post","type-post","status-publish","format-standard","has-post-thumbnail","hentry","category-allgemein","category-jugend","category-volleyball","category-volleyballjugend"],"_links":{"self":[{"href":"https:\/\/www.sv-b.de\/index.php?rest_route=\/wp\/v2\/posts\/3478","targetHints":{"allow":["GET"]}}],"collection":[{"href":"https:\/\/www.sv-b.de\/index.php?rest_route=\/wp\/v2\/posts"}],"about":[{"href":"https:\/\/www.sv-b.de\/index.php?rest_route=\/wp\/v2\/types\/post"}],"author":[{"embeddable":true,"href":"https:\/\/www.sv-b.de\/index.php?rest_route=\/wp\/v2\/users\/4"}],"replies":[{"embeddable":true,"href":"https:\/\/www.sv-b.de\/index.php?rest_route=%2Fwp%2Fv2%2Fcomments&post=3478"}],"version-history":[{"count":3,"href":"https:\/\/www.sv-b.de\/index.php?rest_route=\/wp\/v2\/posts\/3478\/revisions"}],"predecessor-version":[{"id":3483,"href":"https:\/\/www.sv-b.de\/index.php?rest_route=\/wp\/v2\/posts\/3478\/revisions\/3483"}],"wp:featuredmedia":[{"embeddable":true,"href":"https:\/\/www.sv-b.de\/index.php?rest_route=\/wp\/v2\/media\/3742"}],"wp:attachment":[{"href":"https:\/\/www.sv-b.de\/index.php?rest_route=%2Fwp%2Fv2%2Fmedia&parent=3478"}],"wp:term":[{"taxonomy":"category","embeddable":true,"href":"https:\/\/www.sv-b.de\/index.php?rest_route=%2Fwp%2Fv2%2Fcategories&post=3478"},{"taxonomy":"post_tag","embeddable":true,"href":"https:\/\/www.sv-b.de\/index.php?rest_route=%2Fwp%2Fv2%2Ftags&post=3478"}],"curies":[{"name":"wp","href":"https:\/\/api.w.org\/{rel}","templated":true}]}}