{"id":3427,"date":"2024-06-11T08:03:18","date_gmt":"2024-06-11T07:03:18","guid":{"rendered":"https:\/\/www.sv-b.de\/?p=3427"},"modified":"2024-06-11T08:03:18","modified_gmt":"2024-06-11T07:03:18","slug":"erinnerung-jhv-jugendtag-2024","status":"publish","type":"post","link":"https:\/\/www.sv-b.de\/?p=3427","title":{"rendered":"Erinnerung JHV &amp; Jugendtag 2024"},"content":{"rendered":"\n<p class=\"has-text-align-left\">In diesem Jahr findet der <strong>Jugendtag <\/strong>der Vereinsjugend am<\/p>\n\n\n\n<ul class=\"wp-block-list\">\n<li>11. Juni 2024 um 18:30<\/li>\n<\/ul>\n\n\n\n<p class=\"has-text-align-left\">und die <strong>Jahreshauptversammlung<\/strong> f\u00fcr alle vollgesch\u00e4ftsf\u00e4higen Mitglieder der Sportvereinigung 1923\/27 e.V. Bedburg-Hau am<\/p>\n\n\n\n<ul class=\"wp-block-list\">\n<li>13. Juni 2024 um 19:30<\/li>\n<\/ul>\n\n\n\n<p class=\"has-text-align-left\">im Vereinsheim auf der Anton-Riepe Sportst\u00e4tte, Antoniterstr. 62 in Bedburg-Hau, statt.<\/p>\n\n\n\n<p class=\"has-text-align-left\">In diesem Jahr sind wieder Neuwahlen, sowohl f\u00fcr die Posten im Jugendvorstand, als auch im Haupt- und erweiterten Vorstand. Interessenten f\u00fcr die ehrenamtlichen Vorstandsarbeit k\u00f6nnen sich gerne jederzeit an den Vereinsvorsitzenden Sascha Wilmsen oder den Jugendleiter Christoph M\u00f6llers wenden.<\/p>\n\n\n\n<p><strong>Tagesordnung Jugendtag 11. Juni 2024:<\/strong><\/p>\n\n\n\n<ol class=\"wp-block-list\">\n<li>Er\u00f6ffnung und Begr\u00fc\u00dfung durch den Jugendvorstand<\/li>\n\n\n\n<li>Berichte der Fachjugendabteilungen<\/li>\n\n\n\n<li>Bericht der Jugendgesch\u00e4ftsf\u00fchrerin \/ des Jugendkassierers <\/li>\n\n\n\n<li>Aussprache zu den Berichten<\/li>\n\n\n\n<li>Wahl des Versammlungsleiters<\/li>\n\n\n\n<li>Entlastung des Jugendvorstands<\/li>\n\n\n\n<li>Neuwahl des Jugendvorstands:\n<ul class=\"wp-block-list\">\n<li>Jugendleitung<\/li>\n\n\n\n<li>stellvertretende Jugendleitung<\/li>\n\n\n\n<li>Jugendgesch\u00e4ftsf\u00fchrung<\/li>\n\n\n\n<li>Jugendkasse<\/li>\n<\/ul>\n<\/li>\n\n\n\n<li>Best\u00e4tigung der ggf. in den Fachschaften neu gew\u00e4hlten Obleuten und Jugend-Sprecher(innen)<\/li>\n\n\n\n<li>Antr\u00e4ge<\/li>\n\n\n\n<li>Verschiedenes<\/li>\n<\/ol>\n\n\n\n<p><strong>Tagesordnung Jahreshauptversammlung 13. Juni 2024:<\/strong><\/p>\n\n\n\n<ol class=\"wp-block-list\">\n<li>Er\u00f6ffnung und Begr\u00fc\u00dfung<\/li>\n\n\n\n<li>Gedenken an die verstorbenen Vereinsmitglieder<\/li>\n\n\n\n<li>Berichte des Hauptgesch\u00e4ftsf\u00fchrers, der Abteilungen und des Hauptkassierers<\/li>\n\n\n\n<li>Entlastung des gesch\u00e4ftsf\u00fchrenden Vorstandes<\/li>\n\n\n\n<li>Wahl eines Versammlungsleiters<\/li>\n\n\n\n<li>Neuwahlen des gesch\u00e4ftsf\u00fchrenden Vorstandes<\/li>\n\n\n\n<li>Neuwahlen des erg\u00e4nzenden Vorstandes<\/li>\n\n\n\n<li>Neuwahl der Kassenpr\u00fcfer<\/li>\n\n\n\n<li>Verabschiedung der ausscheidenden Vorstandsmitglieder<\/li>\n\n\n\n<li>Verschiedenes<\/li>\n<\/ol>\n\n\n\n<p>Alle Mitglieder sind zur jeweiligen Mitgliederversammlung herzlich eingeladen!<\/p>\n\n\n\n<p><strong>Der Jugendvorstand &amp; der Vereinsvorstand<\/strong><\/p>\n","protected":false},"excerpt":{"rendered":"<p>In diesem Jahr findet der Jugendtag der Vereinsjugend am und die Jahreshauptversammlung f\u00fcr alle vollgesch\u00e4ftsf\u00e4higen [&hellip;]<\/p>\n","protected":false},"author":11,"featured_media":3170,"comment_status":"closed","ping_status":"open","sticky":false,"template":"","format":"standard","meta":{"footnotes":""},"categories":[1,30],"tags":[],"class_list":["post-3427","post","type-post","status-publish","format-standard","has-post-thumbnail","hentry","category-allgemein","category-jugend"],"_links":{"self":[{"href":"https:\/\/www.sv-b.de\/index.php?rest_route=\/wp\/v2\/posts\/3427","targetHints":{"allow":["GET"]}}],"collection":[{"href":"https:\/\/www.sv-b.de\/index.php?rest_route=\/wp\/v2\/posts"}],"about":[{"href":"https:\/\/www.sv-b.de\/index.php?rest_route=\/wp\/v2\/types\/post"}],"author":[{"embeddable":true,"href":"https:\/\/www.sv-b.de\/index.php?rest_route=\/wp\/v2\/users\/11"}],"replies":[{"embeddable":true,"href":"https:\/\/www.sv-b.de\/index.php?rest_route=%2Fwp%2Fv2%2Fcomments&post=3427"}],"version-history":[{"count":1,"href":"https:\/\/www.sv-b.de\/index.php?rest_route=\/wp\/v2\/posts\/3427\/revisions"}],"predecessor-version":[{"id":3428,"href":"https:\/\/www.sv-b.de\/index.php?rest_route=\/wp\/v2\/posts\/3427\/revisions\/3428"}],"wp:featuredmedia":[{"embeddable":true,"href":"https:\/\/www.sv-b.de\/index.php?rest_route=\/wp\/v2\/media\/3170"}],"wp:attachment":[{"href":"https:\/\/www.sv-b.de\/index.php?rest_route=%2Fwp%2Fv2%2Fmedia&parent=3427"}],"wp:term":[{"taxonomy":"category","embeddable":true,"href":"https:\/\/www.sv-b.de\/index.php?rest_route=%2Fwp%2Fv2%2Fcategories&post=3427"},{"taxonomy":"post_tag","embeddable":true,"href":"https:\/\/www.sv-b.de\/index.php?rest_route=%2Fwp%2Fv2%2Ftags&post=3427"}],"curies":[{"name":"wp","href":"https:\/\/api.w.org\/{rel}","templated":true}]}}