{"id":3420,"date":"2024-06-06T20:20:46","date_gmt":"2024-06-06T19:20:46","guid":{"rendered":"https:\/\/www.sv-b.de\/?p=3420"},"modified":"2024-06-06T20:20:46","modified_gmt":"2024-06-06T19:20:46","slug":"franz-wellmanns-ist-verstorben","status":"publish","type":"post","link":"https:\/\/www.sv-b.de\/?p=3420","title":{"rendered":"Franz Wellmanns ist verstorben"},"content":{"rendered":"\n<p>Heute hat die Sportvereinigung 1923\/27 e.V. Bedburg-Hau die traurige Nachricht erhalten, dass unser Ehrenmitglied Franz Wellmanns am 3. Juni 2024 im Alter von 88 Jahren verstorben ist.<\/p>\n\n\n\n<p>Franz war langj\u00e4hriges Ehrenmitglied und hielt der Sportvereinigung bereits seit 77 Jahren die Treue. Die SV-Vereinsfamilie und die Fu\u00dfball Abteilung verliert mit ihm einen gern gesehenen Gast auf dem Fu\u00dfballplatz und auf Veranstaltungen der Alt-Herren Abteilung.<\/p>\n\n\n\n<p>Unser tief empfundenes Mitgef\u00fchl gilt insbesondere seiner Frau Wilma und seiner Familie. <\/p>\n\n\n\n<p>Wir werden Franz ein gutes Andenken bewahren.<\/p>\n\n\n\n<p><\/p>\n\n\n\n<p class=\"has-text-align-center\">Der Vorstand der Sportvereinigung 1923\/27 e. V. Bedburg-Hau &amp; der Vorstand der Alt-Herren Abteilung<\/p>\n\n\n\n<p><\/p>\n","protected":false},"excerpt":{"rendered":"<p>Heute hat die Sportvereinigung 1923\/27 e.V. Bedburg-Hau die traurige Nachricht erhalten, dass unser Ehrenmitglied Franz [&hellip;]<\/p>\n","protected":false},"author":11,"featured_media":3171,"comment_status":"closed","ping_status":"open","sticky":false,"template":"","format":"standard","meta":{"footnotes":""},"categories":[1,14],"tags":[],"class_list":["post-3420","post","type-post","status-publish","format-standard","has-post-thumbnail","hentry","category-allgemein","category-fussball"],"_links":{"self":[{"href":"https:\/\/www.sv-b.de\/index.php?rest_route=\/wp\/v2\/posts\/3420","targetHints":{"allow":["GET"]}}],"collection":[{"href":"https:\/\/www.sv-b.de\/index.php?rest_route=\/wp\/v2\/posts"}],"about":[{"href":"https:\/\/www.sv-b.de\/index.php?rest_route=\/wp\/v2\/types\/post"}],"author":[{"embeddable":true,"href":"https:\/\/www.sv-b.de\/index.php?rest_route=\/wp\/v2\/users\/11"}],"replies":[{"embeddable":true,"href":"https:\/\/www.sv-b.de\/index.php?rest_route=%2Fwp%2Fv2%2Fcomments&post=3420"}],"version-history":[{"count":6,"href":"https:\/\/www.sv-b.de\/index.php?rest_route=\/wp\/v2\/posts\/3420\/revisions"}],"predecessor-version":[{"id":3426,"href":"https:\/\/www.sv-b.de\/index.php?rest_route=\/wp\/v2\/posts\/3420\/revisions\/3426"}],"wp:featuredmedia":[{"embeddable":true,"href":"https:\/\/www.sv-b.de\/index.php?rest_route=\/wp\/v2\/media\/3171"}],"wp:attachment":[{"href":"https:\/\/www.sv-b.de\/index.php?rest_route=%2Fwp%2Fv2%2Fmedia&parent=3420"}],"wp:term":[{"taxonomy":"category","embeddable":true,"href":"https:\/\/www.sv-b.de\/index.php?rest_route=%2Fwp%2Fv2%2Fcategories&post=3420"},{"taxonomy":"post_tag","embeddable":true,"href":"https:\/\/www.sv-b.de\/index.php?rest_route=%2Fwp%2Fv2%2Ftags&post=3420"}],"curies":[{"name":"wp","href":"https:\/\/api.w.org\/{rel}","templated":true}]}}