{"id":3412,"date":"2024-05-17T08:34:09","date_gmt":"2024-05-17T07:34:09","guid":{"rendered":"https:\/\/www.sv-b.de\/?p=3412"},"modified":"2024-05-17T08:34:09","modified_gmt":"2024-05-17T07:34:09","slug":"fussball-sommercamp-2024","status":"publish","type":"post","link":"https:\/\/www.sv-b.de\/?p=3412","title":{"rendered":"Fu\u00dfball-Sommercamp 2024"},"content":{"rendered":"\n<p>Auch in diesem Jahr veranstaltet die Fu\u00dfballschule Grenzland auf der Anlage der SV 1923\/27 e.V. Bedburg-Hau ihr Fu\u00dfball Sommercamp f\u00fcr fu\u00dfballbegeisterte Kinder und Jugendliche im Alter von 6 bis 13 Jahre. Das diesj\u00e4hrige Sommercamp findet statt vom 09. bis 12. Juli.<\/p>\n\n\n\n<p>Anmelden k\u00f6nnt Ihr Euch unter <a href=\"http:\/\/www.fussballschule-grenzland.de\" data-type=\"link\" data-id=\"www.fussballschule-grenzland.de\">www.fussballschule-grenzland.de<\/a> oder indem Ihr den QR Code auf dem nachfolgenden Plakat abscannt!<\/p>\n\n\n\n<figure class=\"wp-block-image size-large\"><img loading=\"lazy\" decoding=\"async\" width=\"734\" height=\"1024\" src=\"https:\/\/www.sv-b.de\/wp-content\/uploads\/2024\/05\/Sommercamp2024-734x1024.png\" alt=\"\" class=\"wp-image-3413\" srcset=\"https:\/\/www.sv-b.de\/wp-content\/uploads\/2024\/05\/Sommercamp2024-734x1024.png 734w, https:\/\/www.sv-b.de\/wp-content\/uploads\/2024\/05\/Sommercamp2024-215x300.png 215w, https:\/\/www.sv-b.de\/wp-content\/uploads\/2024\/05\/Sommercamp2024-768x1071.png 768w, https:\/\/www.sv-b.de\/wp-content\/uploads\/2024\/05\/Sommercamp2024.png 936w\" sizes=\"auto, (max-width: 734px) 100vw, 734px\" \/><\/figure>\n","protected":false},"excerpt":{"rendered":"<p>Auch in diesem Jahr veranstaltet die Fu\u00dfballschule Grenzland auf der Anlage der SV 1923\/27 e.V. [&hellip;]<\/p>\n","protected":false},"author":11,"featured_media":0,"comment_status":"open","ping_status":"open","sticky":false,"template":"","format":"standard","meta":{"footnotes":""},"categories":[1,14,31,30],"tags":[],"class_list":["post-3412","post","type-post","status-publish","format-standard","hentry","category-allgemein","category-fussball","category-fussballjugend","category-jugend"],"_links":{"self":[{"href":"https:\/\/www.sv-b.de\/index.php?rest_route=\/wp\/v2\/posts\/3412","targetHints":{"allow":["GET"]}}],"collection":[{"href":"https:\/\/www.sv-b.de\/index.php?rest_route=\/wp\/v2\/posts"}],"about":[{"href":"https:\/\/www.sv-b.de\/index.php?rest_route=\/wp\/v2\/types\/post"}],"author":[{"embeddable":true,"href":"https:\/\/www.sv-b.de\/index.php?rest_route=\/wp\/v2\/users\/11"}],"replies":[{"embeddable":true,"href":"https:\/\/www.sv-b.de\/index.php?rest_route=%2Fwp%2Fv2%2Fcomments&post=3412"}],"version-history":[{"count":1,"href":"https:\/\/www.sv-b.de\/index.php?rest_route=\/wp\/v2\/posts\/3412\/revisions"}],"predecessor-version":[{"id":3414,"href":"https:\/\/www.sv-b.de\/index.php?rest_route=\/wp\/v2\/posts\/3412\/revisions\/3414"}],"wp:attachment":[{"href":"https:\/\/www.sv-b.de\/index.php?rest_route=%2Fwp%2Fv2%2Fmedia&parent=3412"}],"wp:term":[{"taxonomy":"category","embeddable":true,"href":"https:\/\/www.sv-b.de\/index.php?rest_route=%2Fwp%2Fv2%2Fcategories&post=3412"},{"taxonomy":"post_tag","embeddable":true,"href":"https:\/\/www.sv-b.de\/index.php?rest_route=%2Fwp%2Fv2%2Ftags&post=3412"}],"curies":[{"name":"wp","href":"https:\/\/api.w.org\/{rel}","templated":true}]}}