{"id":3379,"date":"2024-04-28T11:19:56","date_gmt":"2024-04-28T10:19:56","guid":{"rendered":"https:\/\/www.sv-b.de\/?p=3379"},"modified":"2024-10-10T12:27:55","modified_gmt":"2024-10-10T11:27:55","slug":"volleyball-mixed-team-das-mass-aller-dinge","status":"publish","type":"post","link":"https:\/\/www.sv-b.de\/?p=3379","title":{"rendered":"Volleyball: Mixed-Team das Ma\u00df aller Dinge"},"content":{"rendered":"\n<p><em>von Michael Jan\u00dfen<\/em><\/p>\n\n\n\n<p>Wege nicht nur erfolgreich zu beschreiten, sondern auch ins Ziel zu bringen, ist seit Jahren die Devise der <strong>Volleyballabteilung<\/strong> unserer SV Bedburg-Hau. So konnte jetzt die <strong>Hobby-Mixed I<\/strong> eine makellose <strong>Saison 2023\/2024<\/strong> in der <strong>Kreisliga A<\/strong> mit der Wiederholung des <strong>Kreismeister-Titels im Volleyballkreis Kleve<\/strong> kr\u00f6nen. <\/p>\n\n\n\n<p><strong>&#8222;Englische Woche&#8220; erfolgreich gespielt <\/strong><\/p>\n\n\n\n<p>Wegen der anstehenden Verpflichtungen zu den Olympischen Spielen (Halle &amp; Beach) in Paris und den Beach-Volleyball-Europameisterschaften im K\u00f6nigreich der Niederlande wurden die Spielpl\u00e4ne der Ligen und Staffeln f\u00fcr die Saison 2023\/2024 eng gestrickt. So hatte unsere <strong>Mixed I<\/strong> j\u00fcngst eine &#8222;englische Woche&#8220; zu bestreiten. Am Mittwoch ging es zu Hause gegen den <strong>Kevelaerer SV<\/strong>. Mit 25:23, 25:16 und 22:25 wurde ein ungef\u00e4hrdeter <strong>2 : 1-Sieg<\/strong> eingefahren, der rein rechnerisch schon die <strong>Kreismeisterschaft <\/strong>bedeutete. Nach einer nur kurzen Zeit der Rekonvaleszenz musste das SVB-Team am Donnerstag schon wieder in Wachtendonk gegen den gastgebenden <strong>TSV Wachtendonk\/Wankum<\/strong> ran, um endg\u00fcltig den Deckel draufzumachen.  Mit imposanten S\u00e4tzen von 25:19 und 25:17 zur 2 : 0-F\u00fchrung und einem 22:25 zum<strong> 2 : 1-Endstand<\/strong> f\u00fcr unser Team war die Saison dann perfekt. <\/p>\n\n\n\n<p><strong>Titeltr\u00e4ger in Folge<\/strong><\/p>\n\n\n\n<p><strong>Ungeschlagen<\/strong> wurde unser T<strong>eam SV Bedburg-Hau I<\/strong> mit 16 Punkten und 21:3 S\u00e4tzen bei 590:436 B\u00e4llen Kreismeister und ist damit nach dem Gewinn 2022\/2023 <strong>zum 2. Mal in Folge Titeltr\u00e4ger<\/strong>. <\/p>\n\n\n\n<p>Das von den Spielertrainern <strong>Guido Oster<\/strong> und <strong>Edgar Gro\u00df<\/strong> gecoachte Team musste schon fr\u00fch in der Saison verletzungsbedingt auf Zuspielerin <strong>Eva Schrievers<\/strong> verzichten. <strong>Katrin Bovet<\/strong>, <strong>Sebastian Henning<\/strong>, <strong>Joachim Just<\/strong>, <strong>Lena Schrievers<\/strong> und <strong>Kathrin Schumacher<\/strong> zeigten sich in den weiteren Vergleichen mit <strong>1. VBC Goch<\/strong> und <strong>Kempener TV<\/strong> von ihrer besten Seite und waren am Ende das Ma\u00df aller Dinge im Volleyballkreis Kleve. Dabei wurden sie bei Bedarf durch <strong>Angelina Berisha<\/strong>, <strong>Colette Kauter <\/strong>und <strong>Nadine Peeters<\/strong> aus der <strong>Reserve SVB II<\/strong> nach Kr\u00e4ften unterst\u00fctzt. <\/p>\n\n\n<div class=\"wp-block-image\">\n<figure class=\"aligncenter size-large\"><img loading=\"lazy\" decoding=\"async\" width=\"959\" height=\"1024\" src=\"https:\/\/www.sv-b.de\/wp-content\/uploads\/2024\/04\/2024_04_28_HM-Mixed-1-959x1024.jpg\" alt=\"\" class=\"wp-image-3380\" srcset=\"https:\/\/www.sv-b.de\/wp-content\/uploads\/2024\/04\/2024_04_28_HM-Mixed-1-959x1024.jpg 959w, https:\/\/www.sv-b.de\/wp-content\/uploads\/2024\/04\/2024_04_28_HM-Mixed-1-281x300.jpg 281w, https:\/\/www.sv-b.de\/wp-content\/uploads\/2024\/04\/2024_04_28_HM-Mixed-1-768x820.jpg 768w, https:\/\/www.sv-b.de\/wp-content\/uploads\/2024\/04\/2024_04_28_HM-Mixed-1-1438x1536.jpg 1438w, https:\/\/www.sv-b.de\/wp-content\/uploads\/2024\/04\/2024_04_28_HM-Mixed-1.jpg 1547w\" sizes=\"auto, (max-width: 959px) 100vw, 959px\" \/><\/figure>\n<\/div>\n\n\n<p class=\"has-text-align-center\">So sehen die Mixed-Kreismeister im Volleyballkreis Kleve der SV Bedburg-Hau aus (Foto: SVB-Online)<\/p>\n\n\n\n<p><strong>Weitere Hobby-Volleyballteams<\/strong><\/p>\n\n\n\n<p>Die <strong>Mixed II<\/strong> konnte die Saison als <strong>3. in der Kreisliga C<\/strong> beenden. Die <strong>Damen- und Herrenteams<\/strong> qualifizierten sich jeweils f\u00fcr die <strong>Finalrunde<\/strong> der <strong>Kreisliga A<\/strong>, die aktuell noch l\u00e4uft. <\/p>\n\n\n\n<p><strong>Interessenten sind jederzeit willkommen<\/strong><\/p>\n\n\n\n<p>Gerade jetzt laufen die Vorbereitungen f\u00fcr die neue Spielzeit 2024\/2025. Wer Interesse am Hobby-Volleyball hat, ist beim Training (auch ohne Voranmeldung) mittwochs 20 bis 22 Uhr in der Dietmar-M\u00fcller-Sporthalle jederzeit willkommen. Das Angebot ist f\u00fcr alle (m\/w\/d) jeden Alters offen. Grundkenntnisse in der Technik und Taktik des faszinierenden Ballsports sind erforderlich, Ligaerfahrung nicht unbedingt. <\/p>\n","protected":false},"excerpt":{"rendered":"<p>von Michael Jan\u00dfen Wege nicht nur erfolgreich zu beschreiten, sondern auch ins Ziel zu bringen, [&hellip;]<\/p>\n","protected":false},"author":4,"featured_media":0,"comment_status":"open","ping_status":"open","sticky":false,"template":"","format":"standard","meta":{"footnotes":""},"categories":[1,15],"tags":[],"class_list":["post-3379","post","type-post","status-publish","format-standard","hentry","category-allgemein","category-volleyball"],"_links":{"self":[{"href":"https:\/\/www.sv-b.de\/index.php?rest_route=\/wp\/v2\/posts\/3379","targetHints":{"allow":["GET"]}}],"collection":[{"href":"https:\/\/www.sv-b.de\/index.php?rest_route=\/wp\/v2\/posts"}],"about":[{"href":"https:\/\/www.sv-b.de\/index.php?rest_route=\/wp\/v2\/types\/post"}],"author":[{"embeddable":true,"href":"https:\/\/www.sv-b.de\/index.php?rest_route=\/wp\/v2\/users\/4"}],"replies":[{"embeddable":true,"href":"https:\/\/www.sv-b.de\/index.php?rest_route=%2Fwp%2Fv2%2Fcomments&post=3379"}],"version-history":[{"count":2,"href":"https:\/\/www.sv-b.de\/index.php?rest_route=\/wp\/v2\/posts\/3379\/revisions"}],"predecessor-version":[{"id":3382,"href":"https:\/\/www.sv-b.de\/index.php?rest_route=\/wp\/v2\/posts\/3379\/revisions\/3382"}],"wp:attachment":[{"href":"https:\/\/www.sv-b.de\/index.php?rest_route=%2Fwp%2Fv2%2Fmedia&parent=3379"}],"wp:term":[{"taxonomy":"category","embeddable":true,"href":"https:\/\/www.sv-b.de\/index.php?rest_route=%2Fwp%2Fv2%2Fcategories&post=3379"},{"taxonomy":"post_tag","embeddable":true,"href":"https:\/\/www.sv-b.de\/index.php?rest_route=%2Fwp%2Fv2%2Ftags&post=3379"}],"curies":[{"name":"wp","href":"https:\/\/api.w.org\/{rel}","templated":true}]}}