{"id":3298,"date":"2024-04-12T10:52:11","date_gmt":"2024-04-12T09:52:11","guid":{"rendered":"https:\/\/www.sv-b.de\/?p=3298"},"modified":"2024-04-12T22:02:34","modified_gmt":"2024-04-12T21:02:34","slug":"fussballabteilung-stellt-weichen-fuer-eigenstaendige-zukunft","status":"publish","type":"post","link":"https:\/\/www.sv-b.de\/?p=3298","title":{"rendered":"Fu\u00dfballabteilung stellt Weichen f\u00fcr eigenst\u00e4ndige Zukunft"},"content":{"rendered":"\n<h2 class=\"wp-block-heading\">Erfolgreicher Weg soll fortgef\u00fchrt werden<\/h2>\n\n\n\n<p>Die Sportvereinigung 1923\/27 e. V. Bedburg-Hau hat sich dazu entschieden, den erfolgreichen Weg der letzten knapp zwei Jahre konsequent weiterzugehen. Dazu geh\u00f6rt auch, dass sich in der Saison 2024\/2025 erneut Sascha Lousee als Trainer f\u00fcr die 1. Mannschaft verantwortlich zeigen wird. Unterst\u00fctzt wird er von Olrik Weber als Co-Trainer.<\/p>\n\n\n\n<p>Der bisherige Co-Trainer, Marcel Miesen, welcher bei Gr\u00fcndung der Spielgemeinschaft mit der SuS Kalkar zum Trainerteam dazugesto\u00dfen ist, wird zur n\u00e4chsten Saison die neu gegr\u00fcndete 2. Mannschaft hauptverantwortlich \u00fcbernehmen. Unterst\u00fctzt wird er dabei von Fitnesscoach Dominik Mengel. Zum bestehenden Team der Fu\u00dfball Senioren Abteilung wird Josef Gossen hinzusto\u00dfen, welcher mittelfristig gewisse Aufgaben vom derzeitigen Fu\u00dfballgesch\u00e4ftsf\u00fchrer Sascha Wilmsen \u00fcbernehmen wird und langfristig in die Rolle des Fu\u00dfballgesch\u00e4ftsf\u00fchrers hineinwachsen soll.<\/p>\n\n\n\n<p>Die sehr erfolgreiche Spielgemeinschaft mit der SuS Kalkar wird damit zum Abschluss der Saison beendet. W\u00e4hrend SuS Kalkar bereits zur laufenden Saison eine eigenst\u00e4ndige 1. Mannschaft stellen konnte, geht jetzt auch die SV Bedburg-Hau den n\u00e4chsten Schritt. Damit wird bereits nach zwei Jahren, das zuvor gesteckte mittelfristige Ziel, wieder aus eigener Kraft eine oder mehrere Herrenmannschaften stellen zu k\u00f6nnen, erreicht. Dies ist m\u00f6glich, da bereits w\u00e4hrend der laufenden Saison neue Spieler zur Mannschaft gesto\u00dfen sind. Zusammen mit den Hauer A-Jugendlichen, welche in den Seniorenbereich aufr\u00fccken werden, ist wieder genug Potenzial vorhanden, um eine 2. Mannschaft stellen zu k\u00f6nnen. Diese wird dann ebenfalls in der Kreisliga C an den Start gehen wird.<\/p>\n\n\n\n<p>Sascha Wilmsen, Vorsitzenden der SV Bedburg-Hau und gleichzeitiger Fu\u00dfballgesch\u00e4ftsf\u00fchrer, zeigt sich sehr zufrieden: \u201eDie Stimmung im Team ist hervorragend. Das hat sich in dieser Saison auch in entsprechenden Ergebnissen niedergeschlagen. Wir sind auf einem guten Weg zur\u00fcck zu alter St\u00e4rke. Au\u00dferdem kann ich schon verraten, dass es noch den ein oder anderen \u00fcberraschenden Neuzugang geben wird\u201c. Aktuell steht der 2. Tabellenplatz in der Kreisliga C zu Buche. Auch wenn es in dieser Saison noch nicht mit dem Aufstieg klappt, ist die Zielsetzung f\u00fcr die neuen Saison klar: Der Aufstieg in die Kreisliga B.<\/p>\n\n\n\n<p>Wer interessiert ist, diesen Weg mitzugehen, kann sich gerne bei Sascha Lousee unter 01578-9702667 melden.<\/p>\n\n\n\n<figure class=\"wp-block-image size-large is-resized\"><img loading=\"lazy\" decoding=\"async\" width=\"1024\" height=\"682\" src=\"https:\/\/www.sv-b.de\/wp-content\/uploads\/2024\/04\/Trainerteam-SVB-7434-1024x682.jpg\" alt=\"\" class=\"wp-image-3299\" style=\"width:840px;height:auto\" srcset=\"https:\/\/www.sv-b.de\/wp-content\/uploads\/2024\/04\/Trainerteam-SVB-7434-1024x682.jpg 1024w, https:\/\/www.sv-b.de\/wp-content\/uploads\/2024\/04\/Trainerteam-SVB-7434-300x200.jpg 300w, https:\/\/www.sv-b.de\/wp-content\/uploads\/2024\/04\/Trainerteam-SVB-7434-768x512.jpg 768w, https:\/\/www.sv-b.de\/wp-content\/uploads\/2024\/04\/Trainerteam-SVB-7434-1536x1024.jpg 1536w, https:\/\/www.sv-b.de\/wp-content\/uploads\/2024\/04\/Trainerteam-SVB-7434.jpg 2000w\" sizes=\"auto, (max-width: 1024px) 100vw, 1024px\" \/><figcaption class=\"wp-element-caption\">von links: Dominik Mengel, Marcel Miesen, Sascha Wilmsen, Josef Gossen, Sascha Lousee, Olrik Weber<br>https:\/\/instagram.com\/stuppix.fotografie<\/figcaption><\/figure>\n","protected":false},"excerpt":{"rendered":"<p>Erfolgreicher Weg soll fortgef\u00fchrt werden Die Sportvereinigung 1923\/27 e. V. Bedburg-Hau hat sich dazu entschieden, [&hellip;]<\/p>\n","protected":false},"author":11,"featured_media":3167,"comment_status":"closed","ping_status":"open","sticky":false,"template":"","format":"standard","meta":{"footnotes":""},"categories":[1,14],"tags":[],"class_list":["post-3298","post","type-post","status-publish","format-standard","has-post-thumbnail","hentry","category-allgemein","category-fussball"],"_links":{"self":[{"href":"https:\/\/www.sv-b.de\/index.php?rest_route=\/wp\/v2\/posts\/3298","targetHints":{"allow":["GET"]}}],"collection":[{"href":"https:\/\/www.sv-b.de\/index.php?rest_route=\/wp\/v2\/posts"}],"about":[{"href":"https:\/\/www.sv-b.de\/index.php?rest_route=\/wp\/v2\/types\/post"}],"author":[{"embeddable":true,"href":"https:\/\/www.sv-b.de\/index.php?rest_route=\/wp\/v2\/users\/11"}],"replies":[{"embeddable":true,"href":"https:\/\/www.sv-b.de\/index.php?rest_route=%2Fwp%2Fv2%2Fcomments&post=3298"}],"version-history":[{"count":17,"href":"https:\/\/www.sv-b.de\/index.php?rest_route=\/wp\/v2\/posts\/3298\/revisions"}],"predecessor-version":[{"id":3367,"href":"https:\/\/www.sv-b.de\/index.php?rest_route=\/wp\/v2\/posts\/3298\/revisions\/3367"}],"wp:featuredmedia":[{"embeddable":true,"href":"https:\/\/www.sv-b.de\/index.php?rest_route=\/wp\/v2\/media\/3167"}],"wp:attachment":[{"href":"https:\/\/www.sv-b.de\/index.php?rest_route=%2Fwp%2Fv2%2Fmedia&parent=3298"}],"wp:term":[{"taxonomy":"category","embeddable":true,"href":"https:\/\/www.sv-b.de\/index.php?rest_route=%2Fwp%2Fv2%2Fcategories&post=3298"},{"taxonomy":"post_tag","embeddable":true,"href":"https:\/\/www.sv-b.de\/index.php?rest_route=%2Fwp%2Fv2%2Ftags&post=3298"}],"curies":[{"name":"wp","href":"https:\/\/api.w.org\/{rel}","templated":true}]}}