{"id":3235,"date":"2024-02-20T17:12:53","date_gmt":"2024-02-20T16:12:53","guid":{"rendered":"https:\/\/www.sv-b.de\/?p=3235"},"modified":"2024-02-27T17:56:42","modified_gmt":"2024-02-27T16:56:42","slug":"die-sv-trauert-um-langjaehrige-mitglieder","status":"publish","type":"post","link":"https:\/\/www.sv-b.de\/?p=3235","title":{"rendered":"Die SV trauert um langj\u00e4hrige Mitglieder"},"content":{"rendered":"\n<p>Zwei Vereinsmitglieder der Turnabteilung mit jeweils mehr als 30 Jahren Vereinszugeh\u00f6rigkeit sind innerhalb weniger Tage verstorben.<\/p>\n\n\n\n<p>Zum einen Frau Ingrid Kell, welche jahrelang ihr sportliches und soziales Engagement in der Damenturngruppe gezeigt und bewiesen hat.<\/p>\n\n\n\n<p>Und zum anderen Herr Manfred van Halteren, welcher ebenfalls mehr als 30 Jahre in der Herrenturngruppe aktiv war und der \u00fcber die Hauer Gemeindegrenze hinweg f\u00fcr sein ehrenamtliches Engagement gesch\u00e4tzt wurde.<\/p>\n\n\n\n<p>Unser tiefstes Mitgef\u00fchl gilt den Familien. Wir w\u00fcnschen viel St\u00e4rke und sind dankbar f\u00fcr die vielen Jahre, die sie unseren Sportverein bereichert haben.<\/p>\n\n\n\n<p>Vorstand &amp; Turnabteilung der SV 1923\/27 e.V. Bedburg-Hau<\/p>\n\n\n\n<p><\/p>\n\n\n\n<p><strong><em>Vorheriger Artikel -&gt; <\/em><\/strong><\/p>\n","protected":false},"excerpt":{"rendered":"<p>Zwei Vereinsmitglieder der Turnabteilung mit jeweils mehr als 30 Jahren Vereinszugeh\u00f6rigkeit sind innerhalb weniger Tage [&hellip;]<\/p>\n","protected":false},"author":11,"featured_media":3171,"comment_status":"closed","ping_status":"open","sticky":false,"template":"","format":"standard","meta":{"footnotes":""},"categories":[1,17],"tags":[],"class_list":["post-3235","post","type-post","status-publish","format-standard","has-post-thumbnail","hentry","category-allgemein","category-turnen"],"_links":{"self":[{"href":"https:\/\/www.sv-b.de\/index.php?rest_route=\/wp\/v2\/posts\/3235","targetHints":{"allow":["GET"]}}],"collection":[{"href":"https:\/\/www.sv-b.de\/index.php?rest_route=\/wp\/v2\/posts"}],"about":[{"href":"https:\/\/www.sv-b.de\/index.php?rest_route=\/wp\/v2\/types\/post"}],"author":[{"embeddable":true,"href":"https:\/\/www.sv-b.de\/index.php?rest_route=\/wp\/v2\/users\/11"}],"replies":[{"embeddable":true,"href":"https:\/\/www.sv-b.de\/index.php?rest_route=%2Fwp%2Fv2%2Fcomments&post=3235"}],"version-history":[{"count":6,"href":"https:\/\/www.sv-b.de\/index.php?rest_route=\/wp\/v2\/posts\/3235\/revisions"}],"predecessor-version":[{"id":3242,"href":"https:\/\/www.sv-b.de\/index.php?rest_route=\/wp\/v2\/posts\/3235\/revisions\/3242"}],"wp:featuredmedia":[{"embeddable":true,"href":"https:\/\/www.sv-b.de\/index.php?rest_route=\/wp\/v2\/media\/3171"}],"wp:attachment":[{"href":"https:\/\/www.sv-b.de\/index.php?rest_route=%2Fwp%2Fv2%2Fmedia&parent=3235"}],"wp:term":[{"taxonomy":"category","embeddable":true,"href":"https:\/\/www.sv-b.de\/index.php?rest_route=%2Fwp%2Fv2%2Fcategories&post=3235"},{"taxonomy":"post_tag","embeddable":true,"href":"https:\/\/www.sv-b.de\/index.php?rest_route=%2Fwp%2Fv2%2Ftags&post=3235"}],"curies":[{"name":"wp","href":"https:\/\/api.w.org\/{rel}","templated":true}]}}