{"id":3227,"date":"2023-12-22T14:28:54","date_gmt":"2023-12-22T13:28:54","guid":{"rendered":"https:\/\/www.sv-b.de\/?p=3227"},"modified":"2024-10-10T12:29:11","modified_gmt":"2024-10-10T11:29:11","slug":"frohe-weihnachten-und-einen-guten-rutsch","status":"publish","type":"post","link":"https:\/\/www.sv-b.de\/?p=3227","title":{"rendered":"Frohe Weihnachten und einen guten Rutsch!"},"content":{"rendered":"\n<figure class=\"wp-block-image size-large\"><img loading=\"lazy\" decoding=\"async\" width=\"1024\" height=\"682\" src=\"https:\/\/www.sv-b.de\/wp-content\/uploads\/2023\/12\/image.jpeg\" alt=\"\" class=\"wp-image-3231\" srcset=\"https:\/\/www.sv-b.de\/wp-content\/uploads\/2023\/12\/image.jpeg 1024w, https:\/\/www.sv-b.de\/wp-content\/uploads\/2023\/12\/image-300x200.jpeg 300w, https:\/\/www.sv-b.de\/wp-content\/uploads\/2023\/12\/image-768x512.jpeg 768w\" sizes=\"auto, (max-width: 1024px) 100vw, 1024px\" \/><\/figure>\n\n\n\n<p>Wieder neigt sich ein Jahr dem Ende entgegen und erneut m\u00f6chten wir von der Sportvereinigung 1923\/27 e.V. Bedburg-Hau allen Vereinsmitgliedern, Engagierten, Eltern, Freunden und F\u00f6rderern unseren herzlichsten Dank aussprechen.<\/p>\n\n\n\n<p>Danke f\u00fcr ein besonderes, ein spannendes und ein erfolgreiches Jubil\u00e4umsjahr 2023.<\/p>\n\n\n\n<p>Danke f\u00fcr Euren Spa\u00df und Eure Freude am Sport!<\/p>\n\n\n\n<p>Danke an all die Ehrenamtler, die dem Verein und damit allen Mitgliedern erneut unz\u00e4hlige Stunden geschenkt haben!<\/p>\n\n\n\n<p>Danke an all die Sportler und Mitglieder, die sowohl im sportlichen, als auch in der Hauer Vereinsgemeinschaft unsere Farben repr\u00e4sentiert haben.<\/p>\n\n\n\n<p>Danke an alle F\u00f6rderer, Sponsoren und G\u00f6nner, ohne die wir die vielen tollen Events in diesem Jahr nicht h\u00e4tten stemmen k\u00f6nnen.<\/p>\n\n\n\n<p>Danke an die Gemeinde und ihre Mitarbeiter f\u00fcr ihre mehr als tatkr\u00e4ftige Unterst\u00fctzung zum Wohle des Sports und des Vereinslebens!<\/p>\n\n\n\n<p>Euch Allen w\u00fcnschen wir ein frohes und besinnliches Weihnachtsfest und einen guten Rutsch in das neue Jahr 2024 und wir freuen uns auf das kommende Jahr mit Euch!<\/p>\n\n\n\n<p><strong>Vorstand und Abteilungen der Sportvereinigung 1923\/27 e.V. Bedburg-Hau<\/strong><\/p>\n","protected":false},"excerpt":{"rendered":"<p>Wieder neigt sich ein Jahr dem Ende entgegen und erneut m\u00f6chten wir von der Sportvereinigung [&hellip;]<\/p>\n","protected":false},"author":11,"featured_media":0,"comment_status":"closed","ping_status":"open","sticky":false,"template":"","format":"standard","meta":{"footnotes":""},"categories":[1,14,31,30,33,16,34,17,15,32],"tags":[],"class_list":["post-3227","post","type-post","status-publish","format-standard","hentry","category-allgemein","category-fussball","category-fussballjugend","category-jugend","category-kinderturnen","category-tischtennis","category-tischtennisjugend","category-turnen","category-volleyball","category-volleyballjugend"],"_links":{"self":[{"href":"https:\/\/www.sv-b.de\/index.php?rest_route=\/wp\/v2\/posts\/3227","targetHints":{"allow":["GET"]}}],"collection":[{"href":"https:\/\/www.sv-b.de\/index.php?rest_route=\/wp\/v2\/posts"}],"about":[{"href":"https:\/\/www.sv-b.de\/index.php?rest_route=\/wp\/v2\/types\/post"}],"author":[{"embeddable":true,"href":"https:\/\/www.sv-b.de\/index.php?rest_route=\/wp\/v2\/users\/11"}],"replies":[{"embeddable":true,"href":"https:\/\/www.sv-b.de\/index.php?rest_route=%2Fwp%2Fv2%2Fcomments&post=3227"}],"version-history":[{"count":3,"href":"https:\/\/www.sv-b.de\/index.php?rest_route=\/wp\/v2\/posts\/3227\/revisions"}],"predecessor-version":[{"id":3232,"href":"https:\/\/www.sv-b.de\/index.php?rest_route=\/wp\/v2\/posts\/3227\/revisions\/3232"}],"wp:attachment":[{"href":"https:\/\/www.sv-b.de\/index.php?rest_route=%2Fwp%2Fv2%2Fmedia&parent=3227"}],"wp:term":[{"taxonomy":"category","embeddable":true,"href":"https:\/\/www.sv-b.de\/index.php?rest_route=%2Fwp%2Fv2%2Fcategories&post=3227"},{"taxonomy":"post_tag","embeddable":true,"href":"https:\/\/www.sv-b.de\/index.php?rest_route=%2Fwp%2Fv2%2Ftags&post=3227"}],"curies":[{"name":"wp","href":"https:\/\/api.w.org\/{rel}","templated":true}]}}