{"id":3219,"date":"2023-12-19T17:57:37","date_gmt":"2023-12-19T16:57:37","guid":{"rendered":"https:\/\/www.sv-b.de\/?p=3219"},"modified":"2024-10-10T12:29:27","modified_gmt":"2024-10-10T11:29:27","slug":"volleyball-siege-aber-auch-niederlagen","status":"publish","type":"post","link":"https:\/\/www.sv-b.de\/?p=3219","title":{"rendered":"Volleyball: Siege, aber auch Niederlagen"},"content":{"rendered":"\n<p><em>von Michael Jan\u00dfen<\/em><\/p>\n\n\n\n<p>Am vergangenen Wochenende gab es rund um die gro\u00dfe Nikolausweihnachtsjahresabschlussfeier unserer Volleyballabteilung <strong>Spiele der Senioren- und Jugendteams<\/strong>. Dabei gab es Grund zur Freunde, aber auch zum \u00c4rgern. <\/p>\n\n\n\n<p><strong>SVB-Herren mit weiterem Sieg<\/strong><\/p>\n\n\n\n<p>Den Auftakt machten am Samstag die <strong>Herren<\/strong> mit ihrem <strong>Bezirksliga-Match<\/strong> zum Auftakt der R\u00fcckrunde gegen den Lokalrivalen <strong>1. VBC Goch<\/strong>. In den S\u00e4tzen mit <strong>25:17, 25:5 und 25:23<\/strong> setzte sich das Team von <strong>SVB-Coach Lars Matenaar <\/strong>erwartungsgem\u00e4\u00df zum <strong>3 : 0 -Erfolg<\/strong> durch. Mit vier Punkten Vorsprung auf den Moerser SC f\u00fchrt unser Team weiter ungeschlagen die Bezirksliga an. <\/p>\n\n\n\n<p><strong>Kleverland Volleys mit wichtigen Punkten<\/strong><\/p>\n\n\n\n<p>Weiter ging es mit den <strong>Kleverland Volleys<\/strong> (SG SV Bedburg-Hau\/1. VBC Goch) beim Ausw\u00e4rtsspiel in der <strong>Verbandsliga<\/strong> in <strong>D\u00fcsseldorf beim ART<\/strong>. <strong>25:20, 25:16 und 25:19<\/strong> setzte sich das Team von <strong>Coach Derk Wetzold<\/strong> zum <strong>3 : 0-Sieg<\/strong> durch. Die Mannschaft fuhr damit <strong>drei wichtige Punkte<\/strong> ein und sprang gleich zu Beginn der R\u00fcckrunde auf <strong>Rang 5<\/strong> der Tabelle. Im neuen Jahr soll der Blick eher nach oben, als nach unten gehen!<\/p>\n\n\n\n<p><strong>Verbandsliga-Damen entt\u00e4uschen<\/strong><\/p>\n\n\n\n<p>Vor allem sich selbst haben unsere <strong>Verbandsliga-Damen<\/strong> zum Auftakt der R\u00fcckrunde beim Tabellennachbarn <strong>Werdener TB<\/strong> entt\u00e4uscht. Mit einem Sieg in Essen h\u00e4tte das Team von Coach Petra Stockhorst auf den Relegationsplatz vorr\u00fccken k\u00f6nnen. Aber mit <strong>23:25, 22:25 und 20:25<\/strong> wurde es eine bittere <strong>0 : 3-Schlappe<\/strong>, die das Team \u00fcber den Jahreswechsel auf <strong>Rang 8<\/strong> festh\u00e4lt. W\u00fcnsche f\u00fcr das neue Jahr m\u00fcssen da nicht lange gesucht werden: <strong>Raus aus dem Tabellenkeller! <\/strong><\/p>\n\n\n\n<p><strong>Jugendteams am Sonntag mit sechs Siegen erfolgreich<\/strong><\/p>\n\n\n\n<p>In der <strong>Bezirksliga<\/strong> der <strong>mU 16<\/strong> gab es mit 25:14, 20:25 und 15:11 f\u00fcr unsere Jungen einen <strong>2 : 1-Sieg<\/strong> \u00fcber <strong>TSV Weeze<\/strong> zu feiern. Die SVB-Jungen stehen weiter auf <strong>Platz 3<\/strong>.<\/p>\n\n\n\n<p>Die <strong>M\u00e4dchen<\/strong> der <strong>U 16<\/strong> waren in der <strong>Bezirksliga<\/strong> doppelt erfolgreich: 25:15 und 25:19 endeten die S\u00e4tze zum<strong> 2 : 0-Sieg<\/strong> \u00fcber <strong>VC Eintracht Geldern II<\/strong>; mit 25:22 und 25:7 folgte der <strong>2 : 0-Erfolg<\/strong> \u00fcber <strong>VC Eintracht Geldern III<\/strong>. Auch die SVB-M\u00e4dchen haben <strong>Rang 3<\/strong> inne. <\/p>\n\n\n\n<p>Zum Abschluss des Wochenendes gab einen <strong>2 : 0-Erfolg<\/strong> (25:14, 27:25) der <strong>Jungs<\/strong> der <strong>U 13<\/strong> \u00fcber die M\u00e4dchen des <strong>VC Eintracht Geldern<\/strong> und einen <strong>2 : 1-Sieg<\/strong> (16:25, 25:17 und 15:10) \u00fcber die M\u00e4dchen des <strong>TuS Baerl<\/strong>.  Unserer Jungen f\u00fchren die Tabelle der <strong>Bezirksliga<\/strong> weiter ungeschlagen an. <\/p>\n\n\n\n<figure class=\"wp-block-image size-full\"><img loading=\"lazy\" decoding=\"async\" width=\"768\" height=\"1024\" src=\"https:\/\/www.sv-b.de\/wp-content\/uploads\/2023\/12\/2023_04_30_mU_13-1.jpg\" alt=\"\" class=\"wp-image-3222\" style=\"aspect-ratio:3\/2;object-fit:contain\" srcset=\"https:\/\/www.sv-b.de\/wp-content\/uploads\/2023\/12\/2023_04_30_mU_13-1.jpg 768w, https:\/\/www.sv-b.de\/wp-content\/uploads\/2023\/12\/2023_04_30_mU_13-1-225x300.jpg 225w\" sizes=\"auto, (max-width: 768px) 100vw, 768px\" \/><\/figure>\n\n\n\n<p>Bis zum Jahreswechsel stehen noch Pokal- und Hobbyspiele an. Mit dem Spielbetrieb geht es dann am <strong>2. Wochenende<\/strong> im Januar 2024 weiter. <\/p>\n\n\n\n<p class=\"has-vivid-red-color has-text-color has-link-color wp-elements-310ae66146c4a6506510d4e176caaa0f\"><strong>Die Volleyballabteilung w\u00fcnscht allen Mitgliedern mit ihren Familien, Freunden und F\u00f6rderern ein sch\u00f6nes Weihnachtsfest und einen tollen \u00dcbergang in das Sportjahr 2024! <\/strong><\/p>\n","protected":false},"excerpt":{"rendered":"<p>von Michael Jan\u00dfen Am vergangenen Wochenende gab es rund um die gro\u00dfe Nikolausweihnachtsjahresabschlussfeier unserer Volleyballabteilung [&hellip;]<\/p>\n","protected":false},"author":4,"featured_media":0,"comment_status":"closed","ping_status":"open","sticky":false,"template":"","format":"standard","meta":{"footnotes":""},"categories":[1,30,15,32],"tags":[],"class_list":["post-3219","post","type-post","status-publish","format-standard","hentry","category-allgemein","category-jugend","category-volleyball","category-volleyballjugend"],"_links":{"self":[{"href":"https:\/\/www.sv-b.de\/index.php?rest_route=\/wp\/v2\/posts\/3219","targetHints":{"allow":["GET"]}}],"collection":[{"href":"https:\/\/www.sv-b.de\/index.php?rest_route=\/wp\/v2\/posts"}],"about":[{"href":"https:\/\/www.sv-b.de\/index.php?rest_route=\/wp\/v2\/types\/post"}],"author":[{"embeddable":true,"href":"https:\/\/www.sv-b.de\/index.php?rest_route=\/wp\/v2\/users\/4"}],"replies":[{"embeddable":true,"href":"https:\/\/www.sv-b.de\/index.php?rest_route=%2Fwp%2Fv2%2Fcomments&post=3219"}],"version-history":[{"count":5,"href":"https:\/\/www.sv-b.de\/index.php?rest_route=\/wp\/v2\/posts\/3219\/revisions"}],"predecessor-version":[{"id":3226,"href":"https:\/\/www.sv-b.de\/index.php?rest_route=\/wp\/v2\/posts\/3219\/revisions\/3226"}],"wp:attachment":[{"href":"https:\/\/www.sv-b.de\/index.php?rest_route=%2Fwp%2Fv2%2Fmedia&parent=3219"}],"wp:term":[{"taxonomy":"category","embeddable":true,"href":"https:\/\/www.sv-b.de\/index.php?rest_route=%2Fwp%2Fv2%2Fcategories&post=3219"},{"taxonomy":"post_tag","embeddable":true,"href":"https:\/\/www.sv-b.de\/index.php?rest_route=%2Fwp%2Fv2%2Ftags&post=3219"}],"curies":[{"name":"wp","href":"https:\/\/api.w.org\/{rel}","templated":true}]}}